{"id":6,"date":"2023-05-31T17:47:50","date_gmt":"2023-05-31T17:47:50","guid":{"rendered":"http:\/\/santverd.com\/?p=6"},"modified":"2023-05-31T17:47:50","modified_gmt":"2023-05-31T17:47:50","slug":"disfruta-del-lujo-y-la-naturaleza-en-nuestra-residencia-de-alquiler-vacacional","status":"publish","type":"post","link":"https:\/\/santverd.com\/en_gb\/disfruta-del-lujo-y-la-naturaleza-en-nuestra-residencia-de-alquiler-vacacional\/","title":{"rendered":"Disfruta del lujo y la naturaleza en nuestra residencia de alquiler vacacional"},"content":{"rendered":"<h2>Rel\u00e1jate en nuestra residencia de alquiler vacacional de alto nivel<\/h2>\n<p>Si est\u00e1s buscando un lugar de retiro para tus pr\u00f3ximas vacaciones, nuestra residencia es el lugar perfecto para ti. Con un ambiente acogedor y confortable, te sentir\u00e1s como en casa desde el momento en que llegues. Nuestra residencia est\u00e1 situada al lado del bosque, por lo que tendr\u00e1s acceso directo a largas caminatas por la naturaleza. Adem\u00e1s, nuestra gran piscina con vistas a la monta\u00f1a te permitir\u00e1 relajarte y disfrutar del paisaje.<\/p>\n<h2>Experimenta el lujo en nuestra residencia de alquiler vacacional<\/h2>\n<p>Nuestra residencia ha sido dise\u00f1ada para brindarte una experiencia de lujo. Con habitaciones amplias y elegantes, decoradas con buen gusto y comodidades modernas, no querr\u00e1s salir de tu habitaci\u00f3n. Adem\u00e1s, nuestra residencia cuenta con amplias zonas comunes donde podr\u00e1s socializar con otros hu\u00e9spedes o simplemente relajarte y disfrutar del ambiente.<\/p>\n<h2>Explora la zona y haz actividades al aire libre<\/h2>\n<p>Adem\u00e1s de disfrutar de nuestra residencia de alquiler vacacional, tambi\u00e9n podr\u00e1s explorar la zona y hacer actividades al aire libre. Desde caminatas por la naturaleza hasta deportes acu\u00e1ticos, la zona ofrece una amplia variedad de actividades para todos los gustos. Adem\u00e1s, si necesitas recomendaciones o ayuda para planificar tu d\u00eda, nuestro personal estar\u00e1 encantado de ayudarte.<\/p>","protected":false},"excerpt":{"rendered":"<p>Rel\u00e1jate en nuestra residencia de alquiler vacacional de alto nivel Si est\u00e1s buscando un lugar de retiro para tus pr\u00f3ximas vacaciones, nuestra residencia es el lugar perfecto para ti. Con&#8230;<\/p>","protected":false},"author":0,"featured_media":0,"comment_status":"open","ping_status":"open","sticky":false,"template":"","format":"standard","meta":{"footnotes":""},"categories":[1],"tags":[],"class_list":{"0":"post-6","1":"post","2":"type-post","3":"status-publish","4":"format-standard","6":"category-sin-categoria"},"aioseo_notices":[],"_links":{"self":[{"href":"https:\/\/santverd.com\/en_gb\/wp-json\/wp\/v2\/posts\/6","targetHints":{"allow":["GET"]}}],"collection":[{"href":"https:\/\/santverd.com\/en_gb\/wp-json\/wp\/v2\/posts"}],"about":[{"href":"https:\/\/santverd.com\/en_gb\/wp-json\/wp\/v2\/types\/post"}],"replies":[{"embeddable":true,"href":"https:\/\/santverd.com\/en_gb\/wp-json\/wp\/v2\/comments?post=6"}],"version-history":[{"count":0,"href":"https:\/\/santverd.com\/en_gb\/wp-json\/wp\/v2\/posts\/6\/revisions"}],"wp:attachment":[{"href":"https:\/\/santverd.com\/en_gb\/wp-json\/wp\/v2\/media?parent=6"}],"wp:term":[{"taxonomy":"category","embeddable":true,"href":"https:\/\/santverd.com\/en_gb\/wp-json\/wp\/v2\/categories?post=6"},{"taxonomy":"post_tag","embeddable":true,"href":"https:\/\/santverd.com\/en_gb\/wp-json\/wp\/v2\/tags?post=6"}],"curies":[{"name":"wp","href":"https:\/\/api.w.org\/{rel}","templated":true}]}}